{"id":14067,"date":"2026-04-27T10:05:46","date_gmt":"2026-04-27T07:05:46","guid":{"rendered":"https:\/\/arminfonews.ru\/?p=14067"},"modified":"2026-04-27T10:05:47","modified_gmt":"2026-04-27T07:05:47","slug":"ezt-a-fotot-mar-az-ev-legnyugtalanitobb-kepenek-neveztek-es-az-emberek-meg-mindig-nem-ternek-magukhoz","status":"publish","type":"post","link":"https:\/\/arminfonews.ru\/?p=14067","title":{"rendered":"EZT A FOT\u00d3T M\u00c1R AZ \u00c9V LEGNYUGTALAN\u00cdT\u00d3BB K\u00c9P\u00c9NEK NEVEZT\u00c9K\u2026 \u00c9S AZ EMBEREK M\u00c9G MINDIG NEM T\u00c9RNEK MAGUKHOZ"},"content":{"rendered":"\n<p>Eleinte senki sem tulajdon\u00edtott nagy jelent\u0151s\u00e9get ennek a felv\u00e9telnek. Egy h\u00e9tk\u00f6znapi k\u00e9p volt, amilyenb\u0151l naponta milli\u00f3k ker\u00fclnek fel az internetre. Nyugodt pillanat, megszokott k\u00f6rnyezet, semmi k\u00fcl\u00f6n\u00f6s. \u00dagy t\u0171nt, valaki egyszer\u0171en el\u0151vette a telefonj\u00e1t, megnyomta a kameragombot, \u00e9s k\u00e9sz\u00edtett m\u00e9g egy jelent\u00e9ktelen fot\u00f3t.<\/p>\n\n\n\n<p>N\u00e9h\u00e1ny \u00f3r\u00e1val k\u00e9s\u0151bb azonban minden megv\u00e1ltozott.<\/p>\n\n\n\n<p>Valaki \u00fagy d\u00f6nt\u00f6tt, kinagy\u00edtja a k\u00e9pet, hogy jobban megn\u00e9zze a h\u00e1tteret. \u00c9s pontosan ekkor kezd\u0151d\u00f6tt az, amit k\u00e9s\u0151bb az elm\u00falt h\u00f3napok egyik legk\u00fcl\u00f6n\u00f6sebb internetes t\u00f6rt\u00e9net\u00e9nek neveztek.<\/p>\n\n\n\n<p>\u2014 V\u00e1rjatok\u2026 Ti is l\u00e1tj\u00e1tok ezt?<br>\u2014 Nem\u2026 ez lehetetlen.<br>\u2014 Vegy\u00e9tek le ezt a k\u00e9pet, kir\u00e1z a hideg\u2026<\/p>\n\n\n\n<p>A hozz\u00e1sz\u00f3l\u00e1sok sz\u00e1ma gyorsan n\u0151tt. Az emberek elk\u00fcldt\u00e9k a fot\u00f3t a bar\u00e1taiknak, megosztott\u00e1k csoportokban, k\u00e9s\u0151 estig vitatkoztak, \u00e9s pr\u00f3b\u00e1lt\u00e1k meg\u00e9rteni, mi ker\u00fclt val\u00f3j\u00e1ban a k\u00e9pre. Egyesek nevettek rajta, \u00e9s t\u00f6meges k\u00e9pzel\u0151d\u00e9snek nevezt\u00e9k. M\u00e1sok biztosak voltak benne, hogy erre nincs logikus magyar\u00e1zat.<\/p>\n\n\n\n<p>Els\u0151 pillant\u00e1sra a fot\u00f3 val\u00f3ban teljesen \u00e1tlagosnak t\u0171nik. Vil\u00e1gos nappal, csendes helysz\u00edn, semmi nyugtalan\u00edt\u00f3. De min\u00e9l tov\u00e1bb n\u00e9zi az ember, ann\u00e1l er\u0151sebb az \u00e9rz\u00e9s, hogy valami idegen rejt\u0151zik a k\u00e9pen\u2026 mintha maga a hangulat is titkot hordozna.<\/p>\n\n\n\n<p>\u00c9s ezt a titkot nem vett\u00e9k \u00e9szre azonnal.<\/p>\n\n\n\n<p>A legijeszt\u0151bb r\u00e9sz a h\u00e1tt\u00e9r m\u00e9ly\u00e9n volt \u2014 ott, ahov\u00e1 a legt\u00f6bben soha nem n\u00e9znek. Egy apr\u00f3 r\u00e9szlet, amely els\u0151re szinte l\u00e1thatatlan. De amint valaki \u00e9szrevette, ugyanaz a reakci\u00f3 ism\u00e9tl\u0151d\u00f6tt \u00fajra \u00e9s \u00fajra.<\/p>\n\n\n\n<p>\u2014 Megb\u00e1ntam, hogy r\u00e1nagy\u00edtottam.<br>\u2014 Most m\u00e1r nem tudom kiverni a fejemb\u0151l.<br>\u2014 Ki k\u00e9sz\u00edtette ezt a fot\u00f3t?<\/p>\n\n\n\n<figure class=\"wp-block-image size-full\"><img loading=\"lazy\" decoding=\"async\" width=\"526\" height=\"454\" src=\"https:\/\/arminfonews.ru\/wp-content\/uploads\/2026\/04\/8555555.jpg\" alt=\"\" class=\"wp-image-14068\" srcset=\"https:\/\/arminfonews.ru\/wp-content\/uploads\/2026\/04\/8555555.jpg 526w, https:\/\/arminfonews.ru\/wp-content\/uploads\/2026\/04\/8555555-300x259.jpg 300w\" sizes=\"auto, (max-width: 526px) 100vw, 526px\" \/><\/figure>\n\n\n\n<p>Voltak, akik azt \u00edrt\u00e1k, rossz \u00e9rz\u00e9s\u00fck lett a l\u00e1tv\u00e1nyt\u00f3l. M\u00e1sok percekig nem tudt\u00e1k levenni r\u00f3la a szem\u00fcket. Akadtak, akik kinevett\u00e9k a p\u00e1nikot, de m\u00e9g \u0151k is visszat\u00e9rtek a k\u00e9phez, mintha bizony\u00edtani akarn\u00e1k maguknak, hogy nincs rajta semmi szokatlan.<\/p>\n\n\n\n<p>Csakhogy ennek az ellenkez\u0151je t\u00f6rt\u00e9nt.<\/p>\n\n\n\n<p>Min\u00e9l tov\u00e1bb vizsg\u00e1lt\u00e1k a felv\u00e9telt, ann\u00e1l t\u00f6bb furcsas\u00e1got vettek \u00e9szre. Egyesek term\u00e9szetellenes \u00e1rny\u00e9kr\u00f3l besz\u00e9ltek. M\u00e1sok egy t\u00e1voli alakot emlegettek. Voltak, akik szerint nem is a h\u00e1tt\u00e9r volt a legk\u00fcl\u00f6n\u00f6sebb, hanem az el\u0151t\u00e9rben \u00e1ll\u00f3 ember arckifejez\u00e9se \u2014 mintha \u0151 m\u00e1r l\u00e1tta volna azt, amit a t\u00f6bbiek csak k\u00e9s\u0151bb fedeztek fel.<\/p>\n\n\n\n<p>Az internet sz\u00f3 szerint k\u00e9t t\u00e1borra szakadt.<\/p>\n\n\n\n<p>Az egyik oldal szerint mindez csup\u00e1n n\u00e9z\u0151pont, f\u00e9nyviszonyok \u00e9s perspekt\u00edva k\u00e9rd\u00e9se volt. Szerint\u00fck az emberi agy hajlamos f\u00e9lelmetes mint\u00e1kat l\u00e1tni ott is, ahol nincsenek.<\/p>\n\n\n\n<p>A m\u00e1sik oldal azonban biztos volt benne: a k\u00e9p olyasmit r\u00f6gz\u00edtett, aminek nem lett volna szabad az objekt\u00edv el\u00e9 ker\u00fclnie. Valami v\u00e9letlent, megmagyar\u00e1zhatatlant \u00e9s t\u00fals\u00e1gosan furcs\u00e1t ahhoz, hogy puszta egybees\u00e9s legyen.<\/p>\n\n\n\n<p>A vita annyira felforr\u00f3sodott, hogy sokan k\u00fcl\u00f6n elemz\u00e9seket k\u00e9sz\u00edtettek a fot\u00f3r\u00f3l. Bekarik\u00e1zt\u00e1k a gyan\u00fas r\u00e9szeket, \u00f6sszehasonl\u00edtott\u00e1k az elm\u00e9leteket, n\u00f6velt\u00e9k a f\u00e9nyer\u0151t, \u00e1ll\u00edtott\u00e1k a kontrasztot, \u00e9s \u00fajabb magyar\u00e1zatokat gy\u00e1rtottak. N\u00e9h\u00e1nyan m\u00e9g a k\u00e9p k\u00e9sz\u00edt\u0151j\u00e9t is megpr\u00f3b\u00e1lt\u00e1k megtal\u00e1lni, hogy megtudj\u00e1k, mi t\u00f6rt\u00e9nt k\u00f6zvetlen\u00fcl a fot\u00f3 elk\u00e9sz\u00fclte ut\u00e1n.<\/p>\n\n\n\n<p>Ekkor azonban \u00fajabb rejt\u00e9ly jelent meg.<\/p>\n\n\n\n<p>Az a szem\u00e9ly, aki el\u0151sz\u00f6r k\u00f6zz\u00e9tette a k\u00e9pet, hirtelen elt\u0171nt a kommentek k\u00f6z\u00fcl. A fi\u00f3kja nem v\u00e1laszolt t\u00f6bb\u00e9 a k\u00e9rd\u00e9sekre. Nem \u00e9rkezett \u00faj \u00fczenet. Mintha egyszer\u0171en \u00fagy d\u00f6nt\u00f6tt volna, nem akar visszat\u00e9rni ehhez a t\u00f6rt\u00e9nethez\u2026 vagy r\u00e1j\u00f6tt valamire, amir\u0151l ink\u00e1bb hallgatott.<\/p>\n\n\n\n<p>Ez csak tov\u00e1bb fokozta az \u00e9rdekl\u0151d\u00e9st.<\/p>\n\n\n\n<p>\u2014 Mi\u00e9rt t\u0171nt el?<br>\u2014 Tal\u00e1n az eg\u00e9sz megrendezett volt?<br>\u2014 Vagy \u0151 maga ijedt meg att\u00f3l, amit az emberek \u00e9szrevettek?<\/p>\n\n\n\n<p>M\u00e1snapra a k\u00e9p ir\u00e1nti \u00e9rdekl\u0151d\u00e9s m\u00e9g nagyobb lett. H\u00edrport\u00e1lok osztott\u00e1k meg, tartalomk\u00e9sz\u00edt\u0151k reakci\u00f3vide\u00f3kat k\u00e9sz\u00edtettek, az emberek pedig ismer\u0151seiket tesztelt\u00e9k:<\/p>\n\n\n\n<p>\u2014 N\u00e9zd meg figyelmesen\u2026 te mit l\u00e1tsz?<\/p>\n\n\n\n<p>\u00c9s a legfurcs\u00e1bb az volt, hogy mindenki m\u00e1st v\u00e1laszolt.<\/p>\n\n\n\n<p>Valaki ezt l\u00e1tta, valaki eg\u00e9szen m\u00e1st. Egyesek azonnal \u00e9szrevett\u00e9k a nyugtalan\u00edt\u00f3 r\u00e9szletet, m\u00e1sok hossz\u00fa ideig semmit sem \u00e9rtettek az eg\u00e9szb\u0151l. De szinte mindenki n\u00e9h\u00e1ny m\u00e1sodperc csend ut\u00e1n ugyanazt mondta:<\/p>\n\n\n\n<p>\u2014 V\u00e1rj\u2026 most m\u00e1r l\u00e1tom.<\/p>\n\n\n\n<p>Pontosan ez tette a k\u00e9pet vil\u00e1gszerte ismertt\u00e9. Nem maga a fot\u00f3, hanem az emberek reakci\u00f3ja. Az a fesz\u00fclt pillanat, amikor valaki egy \u00e1tlagos k\u00e9pet n\u00e9z\u2026 majd hirtelen megl\u00e1t valamit, ami egy m\u00e1sodperccel kor\u00e1bban m\u00e9g lehetetlennek t\u0171nt.<\/p>\n\n\n\n<p>Pszichol\u00f3gusok k\u00e9s\u0151bb egyszer\u0171en magyar\u00e1zt\u00e1k a jelens\u00e9get: az emberi agy szeret rejtett alakzatokat keresni, f\u0151leg akkor, ha el\u0151re azt mondj\u00e1k neki, hogy valami f\u00e9lelmetes van a k\u00e9pen. Ez a magyar\u00e1zat azonban nem nyugtatta meg az embereket.<\/p>\n\n\n\n<p>Mert sokan azt \u00e1ll\u00edtott\u00e1k: \u0151k m\u00e1r azel\u0151tt \u00e9szrevett\u00e9k a furcsas\u00e1got, hogy elolvast\u00e1k volna a kommenteket.<\/p>\n\n\n\n<p>Napokkal k\u00e9s\u0151bb is egyre t\u00f6bben besz\u00e9ltek r\u00f3la. Egyesek az \u00e9v kollekt\u00edv p\u00e1nikj\u00e1nak nevezt\u00e9k. M\u00e1sok szerint ez volt az \u00e9v legrejt\u00e9lyesebb fot\u00f3ja. Megint m\u00e1sok bevallott\u00e1k: nem akarj\u00e1k \u00fajra megn\u00e9zni, m\u00e9gis folyamatosan ezen j\u00e1r az esz\u00fck.<\/p>\n\n\n\n<p>Tal\u00e1n \u00e9ppen ez a t\u00f6rt\u00e9net leger\u0151sebb r\u00e9sze: m\u00e1ig nincs r\u00e1 v\u00e9gleges magyar\u00e1zat.<\/p>\n\n\n\n<p>Mi ker\u00fclt val\u00f3j\u00e1ban a k\u00e9pre? Kamerahiba? F\u00e9nyj\u00e1t\u00e9k? V\u00e9letlen egybees\u00e9s? Vagy egy pillanat, amely t\u00f6bbet mutatott meg, mint kellett volna?<\/p>\n\n\n\n<p>Emberek sz\u00e1zezrei pr\u00f3b\u00e1lt\u00e1k megfejteni a titkot. Ezrek vitatkoztak r\u00f3la szenved\u00e9lyesen. A v\u00e9geredm\u00e9ny m\u00e9gis ugyanaz: mindenki m\u00e1st l\u00e1t benne.<\/p>\n\n\n\n<p>\u00c9s most a legfontosabb k\u00e9rd\u00e9s:<\/p>\n\n\n\n<p>Ha most megnyitn\u00e1d ezt a fot\u00f3t\u2026 te is \u00e9szrevenn\u00e9d azt, amit\u0151l m\u00e1sokat kir\u00e1zott a hideg?<\/p>\n\n\n\n<p>Vagy egyszer\u0171en tov\u00e1bbl\u00e9pn\u00e9l, an\u00e9lk\u00fcl hogy meg\u00e9rten\u00e9d, mi\u00e9rt nem tudja elfelejteni ezt az internet?<\/p>\n","protected":false},"excerpt":{"rendered":"<div class=\"mh-excerpt\"><p>Eleinte senki sem tulajdon\u00edtott nagy jelent\u0151s\u00e9get ennek a felv\u00e9telnek. Egy h\u00e9tk\u00f6znapi k\u00e9p volt, amilyenb\u0151l naponta milli\u00f3k ker\u00fclnek fel az internetre. Nyugodt pillanat, megszokott k\u00f6rnyezet, semmi <a class=\"mh-excerpt-more\" href=\"https:\/\/arminfonews.ru\/?p=14067\" title=\"EZT A FOT\u00d3T M\u00c1R AZ \u00c9V LEGNYUGTALAN\u00cdT\u00d3BB K\u00c9P\u00c9NEK NEVEZT\u00c9K\u2026 \u00c9S AZ EMBEREK M\u00c9G MINDIG NEM T\u00c9RNEK MAGUKHOZ\">[&#8230;]<\/a><\/p>\n<\/div>","protected":false},"author":1,"featured_media":14068,"comment_status":"open","ping_status":"open","sticky":false,"template":"","format":"standard","meta":{"footnotes":""},"categories":[8,1,5,3,4,2],"tags":[],"class_list":["post-14067","post","type-post","status-publish","format-standard","has-post-thumbnail","hentry","category-america-news","category-des-nouvelles","category-la-nature","category-photo","category-recit","category-sport"],"yoast_head":"<!-- This site is optimized with the Yoast SEO plugin v27.5 - https:\/\/yoast.com\/product\/yoast-seo-wordpress\/ -->\n<title>EZT A FOT\u00d3T M\u00c1R AZ \u00c9V LEGNYUGTALAN\u00cdT\u00d3BB K\u00c9P\u00c9NEK NEVEZT\u00c9K\u2026 \u00c9S AZ EMBEREK M\u00c9G MINDIG NEM T\u00c9RNEK MAGUKHOZ -<\/title>\n<meta name=\"robots\" content=\"index, follow, max-snippet:-1, max-image-preview:large, max-video-preview:-1\" \/>\n<link rel=\"canonical\" href=\"https:\/\/arminfonews.ru\/?p=14067\" \/>\n<meta property=\"og:locale\" content=\"ru_RU\" \/>\n<meta property=\"og:type\" content=\"article\" \/>\n<meta property=\"og:title\" content=\"EZT A FOT\u00d3T M\u00c1R AZ \u00c9V LEGNYUGTALAN\u00cdT\u00d3BB K\u00c9P\u00c9NEK NEVEZT\u00c9K\u2026 \u00c9S AZ EMBEREK M\u00c9G MINDIG NEM T\u00c9RNEK MAGUKHOZ -\" \/>\n<meta property=\"og:description\" content=\"Eleinte senki sem tulajdon\u00edtott nagy jelent\u0151s\u00e9get ennek a felv\u00e9telnek. Egy h\u00e9tk\u00f6znapi k\u00e9p volt, amilyenb\u0151l naponta milli\u00f3k ker\u00fclnek fel az internetre. Nyugodt pillanat, megszokott k\u00f6rnyezet, semmi [...]\" \/>\n<meta property=\"og:url\" content=\"https:\/\/arminfonews.ru\/?p=14067\" \/>\n<meta property=\"article:published_time\" content=\"2026-04-27T07:05:46+00:00\" \/>\n<meta property=\"article:modified_time\" content=\"2026-04-27T07:05:47+00:00\" \/>\n<meta property=\"og:image\" content=\"https:\/\/arminfonews.ru\/wp-content\/uploads\/2026\/04\/8555555.jpg\" \/>\n\t<meta property=\"og:image:width\" content=\"526\" \/>\n\t<meta property=\"og:image:height\" content=\"454\" \/>\n\t<meta property=\"og:image:type\" content=\"image\/jpeg\" \/>\n<meta name=\"author\" content=\"admin\" \/>\n<meta name=\"twitter:card\" content=\"summary_large_image\" \/>\n<meta name=\"twitter:label1\" content=\"\u041d\u0430\u043f\u0438\u0441\u0430\u043d\u043e \u0430\u0432\u0442\u043e\u0440\u043e\u043c\" \/>\n\t<meta name=\"twitter:data1\" content=\"admin\" \/>\n\t<meta name=\"twitter:label2\" content=\"\u041f\u0440\u0438\u043c\u0435\u0440\u043d\u043e\u0435 \u0432\u0440\u0435\u043c\u044f \u0434\u043b\u044f \u0447\u0442\u0435\u043d\u0438\u044f\" \/>\n\t<meta name=\"twitter:data2\" content=\"5 \u043c\u0438\u043d\u0443\u0442\" \/>\n<script type=\"application\/ld+json\" class=\"yoast-schema-graph\">{\"@context\":\"https:\\\/\\\/schema.org\",\"@graph\":[{\"@type\":\"Article\",\"@id\":\"https:\\\/\\\/arminfonews.ru\\\/?p=14067#article\",\"isPartOf\":{\"@id\":\"https:\\\/\\\/arminfonews.ru\\\/?p=14067\"},\"author\":{\"name\":\"admin\",\"@id\":\"https:\\\/\\\/arminfonews.ru\\\/#\\\/schema\\\/person\\\/ad5218ce689992bb8dbd1a643bc15a13\"},\"headline\":\"EZT A FOT\u00d3T M\u00c1R AZ \u00c9V LEGNYUGTALAN\u00cdT\u00d3BB K\u00c9P\u00c9NEK NEVEZT\u00c9K\u2026 \u00c9S AZ EMBEREK M\u00c9G MINDIG NEM T\u00c9RNEK MAGUKHOZ\",\"datePublished\":\"2026-04-27T07:05:46+00:00\",\"dateModified\":\"2026-04-27T07:05:47+00:00\",\"mainEntityOfPage\":{\"@id\":\"https:\\\/\\\/arminfonews.ru\\\/?p=14067\"},\"wordCount\":1184,\"commentCount\":0,\"image\":{\"@id\":\"https:\\\/\\\/arminfonews.ru\\\/?p=14067#primaryimage\"},\"thumbnailUrl\":\"https:\\\/\\\/arminfonews.ru\\\/wp-content\\\/uploads\\\/2026\\\/04\\\/8555555.jpg\",\"articleSection\":[\"America News\",\"Des nouvelles\",\"La nature\",\"Photo\",\"R\u00e9cit\",\"Sport\"],\"inLanguage\":\"ru-RU\",\"potentialAction\":[{\"@type\":\"CommentAction\",\"name\":\"Comment\",\"target\":[\"https:\\\/\\\/arminfonews.ru\\\/?p=14067#respond\"]}]},{\"@type\":\"WebPage\",\"@id\":\"https:\\\/\\\/arminfonews.ru\\\/?p=14067\",\"url\":\"https:\\\/\\\/arminfonews.ru\\\/?p=14067\",\"name\":\"EZT A FOT\u00d3T M\u00c1R AZ \u00c9V LEGNYUGTALAN\u00cdT\u00d3BB K\u00c9P\u00c9NEK NEVEZT\u00c9K\u2026 \u00c9S AZ EMBEREK M\u00c9G MINDIG NEM T\u00c9RNEK MAGUKHOZ -\",\"isPartOf\":{\"@id\":\"https:\\\/\\\/arminfonews.ru\\\/#website\"},\"primaryImageOfPage\":{\"@id\":\"https:\\\/\\\/arminfonews.ru\\\/?p=14067#primaryimage\"},\"image\":{\"@id\":\"https:\\\/\\\/arminfonews.ru\\\/?p=14067#primaryimage\"},\"thumbnailUrl\":\"https:\\\/\\\/arminfonews.ru\\\/wp-content\\\/uploads\\\/2026\\\/04\\\/8555555.jpg\",\"datePublished\":\"2026-04-27T07:05:46+00:00\",\"dateModified\":\"2026-04-27T07:05:47+00:00\",\"author\":{\"@id\":\"https:\\\/\\\/arminfonews.ru\\\/#\\\/schema\\\/person\\\/ad5218ce689992bb8dbd1a643bc15a13\"},\"breadcrumb\":{\"@id\":\"https:\\\/\\\/arminfonews.ru\\\/?p=14067#breadcrumb\"},\"inLanguage\":\"ru-RU\",\"potentialAction\":[{\"@type\":\"ReadAction\",\"target\":[\"https:\\\/\\\/arminfonews.ru\\\/?p=14067\"]}]},{\"@type\":\"ImageObject\",\"inLanguage\":\"ru-RU\",\"@id\":\"https:\\\/\\\/arminfonews.ru\\\/?p=14067#primaryimage\",\"url\":\"https:\\\/\\\/arminfonews.ru\\\/wp-content\\\/uploads\\\/2026\\\/04\\\/8555555.jpg\",\"contentUrl\":\"https:\\\/\\\/arminfonews.ru\\\/wp-content\\\/uploads\\\/2026\\\/04\\\/8555555.jpg\",\"width\":526,\"height\":454},{\"@type\":\"BreadcrumbList\",\"@id\":\"https:\\\/\\\/arminfonews.ru\\\/?p=14067#breadcrumb\",\"itemListElement\":[{\"@type\":\"ListItem\",\"position\":1,\"name\":\"\u0413\u043b\u0430\u0432\u043d\u0430\u044f \u0441\u0442\u0440\u0430\u043d\u0438\u0446\u0430\",\"item\":\"https:\\\/\\\/arminfonews.ru\\\/\"},{\"@type\":\"ListItem\",\"position\":2,\"name\":\"EZT A FOT\u00d3T M\u00c1R AZ \u00c9V LEGNYUGTALAN\u00cdT\u00d3BB K\u00c9P\u00c9NEK NEVEZT\u00c9K\u2026 \u00c9S AZ EMBEREK M\u00c9G MINDIG NEM T\u00c9RNEK MAGUKHOZ\"}]},{\"@type\":\"WebSite\",\"@id\":\"https:\\\/\\\/arminfonews.ru\\\/#website\",\"url\":\"https:\\\/\\\/arminfonews.ru\\\/\",\"name\":\"\",\"description\":\"\",\"potentialAction\":[{\"@type\":\"SearchAction\",\"target\":{\"@type\":\"EntryPoint\",\"urlTemplate\":\"https:\\\/\\\/arminfonews.ru\\\/?s={search_term_string}\"},\"query-input\":{\"@type\":\"PropertyValueSpecification\",\"valueRequired\":true,\"valueName\":\"search_term_string\"}}],\"inLanguage\":\"ru-RU\"},{\"@type\":\"Person\",\"@id\":\"https:\\\/\\\/arminfonews.ru\\\/#\\\/schema\\\/person\\\/ad5218ce689992bb8dbd1a643bc15a13\",\"name\":\"admin\",\"image\":{\"@type\":\"ImageObject\",\"inLanguage\":\"ru-RU\",\"@id\":\"https:\\\/\\\/secure.gravatar.com\\\/avatar\\\/df64e550a0653b7be0f1bcf897f33faad9c2c8153472b2d9319beafb51370f6f?s=96&d=mm&r=g\",\"url\":\"https:\\\/\\\/secure.gravatar.com\\\/avatar\\\/df64e550a0653b7be0f1bcf897f33faad9c2c8153472b2d9319beafb51370f6f?s=96&d=mm&r=g\",\"contentUrl\":\"https:\\\/\\\/secure.gravatar.com\\\/avatar\\\/df64e550a0653b7be0f1bcf897f33faad9c2c8153472b2d9319beafb51370f6f?s=96&d=mm&r=g\",\"caption\":\"admin\"},\"sameAs\":[\"http:\\\/\\\/arminfonews.ru\"],\"url\":\"https:\\\/\\\/arminfonews.ru\\\/?author=1\"}]}<\/script>\n<!-- \/ Yoast SEO plugin. -->","yoast_head_json":{"title":"EZT A FOT\u00d3T M\u00c1R AZ \u00c9V LEGNYUGTALAN\u00cdT\u00d3BB K\u00c9P\u00c9NEK NEVEZT\u00c9K\u2026 \u00c9S AZ EMBEREK M\u00c9G MINDIG NEM T\u00c9RNEK MAGUKHOZ -","robots":{"index":"index","follow":"follow","max-snippet":"max-snippet:-1","max-image-preview":"max-image-preview:large","max-video-preview":"max-video-preview:-1"},"canonical":"https:\/\/arminfonews.ru\/?p=14067","og_locale":"ru_RU","og_type":"article","og_title":"EZT A FOT\u00d3T M\u00c1R AZ \u00c9V LEGNYUGTALAN\u00cdT\u00d3BB K\u00c9P\u00c9NEK NEVEZT\u00c9K\u2026 \u00c9S AZ EMBEREK M\u00c9G MINDIG NEM T\u00c9RNEK MAGUKHOZ -","og_description":"Eleinte senki sem tulajdon\u00edtott nagy jelent\u0151s\u00e9get ennek a felv\u00e9telnek. Egy h\u00e9tk\u00f6znapi k\u00e9p volt, amilyenb\u0151l naponta milli\u00f3k ker\u00fclnek fel az internetre. Nyugodt pillanat, megszokott k\u00f6rnyezet, semmi [...]","og_url":"https:\/\/arminfonews.ru\/?p=14067","article_published_time":"2026-04-27T07:05:46+00:00","article_modified_time":"2026-04-27T07:05:47+00:00","og_image":[{"width":526,"height":454,"url":"https:\/\/arminfonews.ru\/wp-content\/uploads\/2026\/04\/8555555.jpg","type":"image\/jpeg"}],"author":"admin","twitter_card":"summary_large_image","twitter_misc":{"\u041d\u0430\u043f\u0438\u0441\u0430\u043d\u043e \u0430\u0432\u0442\u043e\u0440\u043e\u043c":"admin","\u041f\u0440\u0438\u043c\u0435\u0440\u043d\u043e\u0435 \u0432\u0440\u0435\u043c\u044f \u0434\u043b\u044f \u0447\u0442\u0435\u043d\u0438\u044f":"5 \u043c\u0438\u043d\u0443\u0442"},"schema":{"@context":"https:\/\/schema.org","@graph":[{"@type":"Article","@id":"https:\/\/arminfonews.ru\/?p=14067#article","isPartOf":{"@id":"https:\/\/arminfonews.ru\/?p=14067"},"author":{"name":"admin","@id":"https:\/\/arminfonews.ru\/#\/schema\/person\/ad5218ce689992bb8dbd1a643bc15a13"},"headline":"EZT A FOT\u00d3T M\u00c1R AZ \u00c9V LEGNYUGTALAN\u00cdT\u00d3BB K\u00c9P\u00c9NEK NEVEZT\u00c9K\u2026 \u00c9S AZ EMBEREK M\u00c9G MINDIG NEM T\u00c9RNEK MAGUKHOZ","datePublished":"2026-04-27T07:05:46+00:00","dateModified":"2026-04-27T07:05:47+00:00","mainEntityOfPage":{"@id":"https:\/\/arminfonews.ru\/?p=14067"},"wordCount":1184,"commentCount":0,"image":{"@id":"https:\/\/arminfonews.ru\/?p=14067#primaryimage"},"thumbnailUrl":"https:\/\/arminfonews.ru\/wp-content\/uploads\/2026\/04\/8555555.jpg","articleSection":["America News","Des nouvelles","La nature","Photo","R\u00e9cit","Sport"],"inLanguage":"ru-RU","potentialAction":[{"@type":"CommentAction","name":"Comment","target":["https:\/\/arminfonews.ru\/?p=14067#respond"]}]},{"@type":"WebPage","@id":"https:\/\/arminfonews.ru\/?p=14067","url":"https:\/\/arminfonews.ru\/?p=14067","name":"EZT A FOT\u00d3T M\u00c1R AZ \u00c9V LEGNYUGTALAN\u00cdT\u00d3BB K\u00c9P\u00c9NEK NEVEZT\u00c9K\u2026 \u00c9S AZ EMBEREK M\u00c9G MINDIG NEM T\u00c9RNEK MAGUKHOZ -","isPartOf":{"@id":"https:\/\/arminfonews.ru\/#website"},"primaryImageOfPage":{"@id":"https:\/\/arminfonews.ru\/?p=14067#primaryimage"},"image":{"@id":"https:\/\/arminfonews.ru\/?p=14067#primaryimage"},"thumbnailUrl":"https:\/\/arminfonews.ru\/wp-content\/uploads\/2026\/04\/8555555.jpg","datePublished":"2026-04-27T07:05:46+00:00","dateModified":"2026-04-27T07:05:47+00:00","author":{"@id":"https:\/\/arminfonews.ru\/#\/schema\/person\/ad5218ce689992bb8dbd1a643bc15a13"},"breadcrumb":{"@id":"https:\/\/arminfonews.ru\/?p=14067#breadcrumb"},"inLanguage":"ru-RU","potentialAction":[{"@type":"ReadAction","target":["https:\/\/arminfonews.ru\/?p=14067"]}]},{"@type":"ImageObject","inLanguage":"ru-RU","@id":"https:\/\/arminfonews.ru\/?p=14067#primaryimage","url":"https:\/\/arminfonews.ru\/wp-content\/uploads\/2026\/04\/8555555.jpg","contentUrl":"https:\/\/arminfonews.ru\/wp-content\/uploads\/2026\/04\/8555555.jpg","width":526,"height":454},{"@type":"BreadcrumbList","@id":"https:\/\/arminfonews.ru\/?p=14067#breadcrumb","itemListElement":[{"@type":"ListItem","position":1,"name":"\u0413\u043b\u0430\u0432\u043d\u0430\u044f \u0441\u0442\u0440\u0430\u043d\u0438\u0446\u0430","item":"https:\/\/arminfonews.ru\/"},{"@type":"ListItem","position":2,"name":"EZT A FOT\u00d3T M\u00c1R AZ \u00c9V LEGNYUGTALAN\u00cdT\u00d3BB K\u00c9P\u00c9NEK NEVEZT\u00c9K\u2026 \u00c9S AZ EMBEREK M\u00c9G MINDIG NEM T\u00c9RNEK MAGUKHOZ"}]},{"@type":"WebSite","@id":"https:\/\/arminfonews.ru\/#website","url":"https:\/\/arminfonews.ru\/","name":"","description":"","potentialAction":[{"@type":"SearchAction","target":{"@type":"EntryPoint","urlTemplate":"https:\/\/arminfonews.ru\/?s={search_term_string}"},"query-input":{"@type":"PropertyValueSpecification","valueRequired":true,"valueName":"search_term_string"}}],"inLanguage":"ru-RU"},{"@type":"Person","@id":"https:\/\/arminfonews.ru\/#\/schema\/person\/ad5218ce689992bb8dbd1a643bc15a13","name":"admin","image":{"@type":"ImageObject","inLanguage":"ru-RU","@id":"https:\/\/secure.gravatar.com\/avatar\/df64e550a0653b7be0f1bcf897f33faad9c2c8153472b2d9319beafb51370f6f?s=96&d=mm&r=g","url":"https:\/\/secure.gravatar.com\/avatar\/df64e550a0653b7be0f1bcf897f33faad9c2c8153472b2d9319beafb51370f6f?s=96&d=mm&r=g","contentUrl":"https:\/\/secure.gravatar.com\/avatar\/df64e550a0653b7be0f1bcf897f33faad9c2c8153472b2d9319beafb51370f6f?s=96&d=mm&r=g","caption":"admin"},"sameAs":["http:\/\/arminfonews.ru"],"url":"https:\/\/arminfonews.ru\/?author=1"}]}},"views":3538,"_links":{"self":[{"href":"https:\/\/arminfonews.ru\/index.php?rest_route=\/wp\/v2\/posts\/14067","targetHints":{"allow":["GET"]}}],"collection":[{"href":"https:\/\/arminfonews.ru\/index.php?rest_route=\/wp\/v2\/posts"}],"about":[{"href":"https:\/\/arminfonews.ru\/index.php?rest_route=\/wp\/v2\/types\/post"}],"author":[{"embeddable":true,"href":"https:\/\/arminfonews.ru\/index.php?rest_route=\/wp\/v2\/users\/1"}],"replies":[{"embeddable":true,"href":"https:\/\/arminfonews.ru\/index.php?rest_route=%2Fwp%2Fv2%2Fcomments&post=14067"}],"version-history":[{"count":1,"href":"https:\/\/arminfonews.ru\/index.php?rest_route=\/wp\/v2\/posts\/14067\/revisions"}],"predecessor-version":[{"id":14069,"href":"https:\/\/arminfonews.ru\/index.php?rest_route=\/wp\/v2\/posts\/14067\/revisions\/14069"}],"wp:featuredmedia":[{"embeddable":true,"href":"https:\/\/arminfonews.ru\/index.php?rest_route=\/wp\/v2\/media\/14068"}],"wp:attachment":[{"href":"https:\/\/arminfonews.ru\/index.php?rest_route=%2Fwp%2Fv2%2Fmedia&parent=14067"}],"wp:term":[{"taxonomy":"category","embeddable":true,"href":"https:\/\/arminfonews.ru\/index.php?rest_route=%2Fwp%2Fv2%2Fcategories&post=14067"},{"taxonomy":"post_tag","embeddable":true,"href":"https:\/\/arminfonews.ru\/index.php?rest_route=%2Fwp%2Fv2%2Ftags&post=14067"}],"curies":[{"name":"wp","href":"https:\/\/api.w.org\/{rel}","templated":true}]}}